{"id":138,"date":"2012-06-20T21:22:57","date_gmt":"2012-06-20T21:22:57","guid":{"rendered":"http:\/\/www.encontratremembe.com.br\/noticias\/?p=138"},"modified":"2013-08-15T13:43:46","modified_gmt":"2013-08-15T13:43:46","slug":"subprefeitura-jacanatremembe-lacra-bar-que-funcionava-de-forma-irregular","status":"publish","type":"post","link":"https:\/\/www.encontratremembe.com.br\/noticias\/subprefeitura-jacanatremembe-lacra-bar-que-funcionava-de-forma-irregular\/","title":{"rendered":"Subprefeitura Ja\u00e7an\u00e3\/trememb\u00e9 lacra bar que funcionava de forma irregular"},"content":{"rendered":"<p>A equipe de fiscaliza\u00e7\u00e3o da <a href=\"http:\/\/www.encontratremembe.com.br\/tremembe\/subprefeitura-do-jacana.shtml\" target=\"_blank\">Subprefeitura Ja\u00e7an\u00e3\/Trememb\u00e9<\/a> lacrou no ultimo dia 15, mais um estabelecimento na regi\u00e3o. O bar localizado na Rua Francisco Ventura, 13, Vila Paulistana no Ja\u00e7an\u00e3, foi lacrado por n\u00e3o possu\u00edr o alvar\u00e1 de funcionamento, que \u00e9 uma licen\u00e7a concedida pela Prefeitura, permitindo o funcionamento de estabelecimentos comerciais, industriais, prestadores de servi\u00e7os, al\u00e9m de sociedades, institui\u00e7\u00f5es, e associa\u00e7\u00f5es, vinculadas a pessoas jur\u00eddicas ou f\u00edsicas.<\/p>\n<p>Muitos comerciantes ignoram o alvar\u00e1 de funcionamento, mas sem ele, o local se caracteriza como ilegal, podendo acarretar no seu fechamento, al\u00e9m de puni\u00e7\u00e3o dos respons\u00e1veis, como previsto em lei n\u00b0 13.885.<\/p>\n<p>Esse trabalho \u00e9 realizado frequentemente, com o objetivo de regularizar todos os estabelecimentos da regi\u00e3o. Participaram da a\u00e7\u00e3o um agente vistor da Subprefeitura, com o apoio da Guarda Civil Metropolitana (GCM).<\/p>\n<p><em>Fonte: Prefeitura de S\u00e3o Paulo<\/em><\/p>\n","protected":false},"excerpt":{"rendered":"<p>A equipe de fiscaliza\u00e7\u00e3o da Subprefeitura Ja\u00e7an\u00e3\/Trememb\u00e9 lacrou no ultimo dia 15, mais um estabelecimento na regi\u00e3o. O bar localizado na Rua Francisco Ventura, 13, Vila Paulistana no Ja\u00e7an\u00e3, foi lacrado por n\u00e3o possu\u00edr o alvar\u00e1 de funcionamento, que \u00e9 uma licen\u00e7a concedida pela Prefeitura, permitindo o funcionamento de estabelecimentos comerciais, industriais, prestadores de servi\u00e7os, [&hellip;]<\/p>\n","protected":false},"author":1,"featured_media":0,"comment_status":"open","ping_status":"open","sticky":false,"template":"","format":"standard","meta":{"footnotes":""},"categories":[6],"tags":[14],"class_list":["post-138","post","type-post","status-publish","format-standard","hentry","category-noticias","tag-tremembe"],"yoast_head":"<!-- This site is optimized with the Yoast SEO plugin v27.9 - https:\/\/yoast.com\/product\/yoast-seo-wordpress\/ -->\n<title>Subprefeitura Ja\u00e7an\u00e3\/trememb\u00e9 lacra bar que funcionava de forma irregular - Not\u00edcias do bairro Trememb\u00e9<\/title>\n<meta name=\"robots\" content=\"index, follow, max-snippet:-1, max-image-preview:large, max-video-preview:-1\" \/>\n<link rel=\"canonical\" href=\"https:\/\/www.encontratremembe.com.br\/noticias\/subprefeitura-jacanatremembe-lacra-bar-que-funcionava-de-forma-irregular\/\" \/>\n<meta property=\"og:locale\" content=\"pt_BR\" \/>\n<meta property=\"og:type\" content=\"article\" \/>\n<meta property=\"og:title\" content=\"Subprefeitura Ja\u00e7an\u00e3\/trememb\u00e9 lacra bar que funcionava de forma irregular - Not\u00edcias do bairro Trememb\u00e9\" \/>\n<meta property=\"og:description\" content=\"A equipe de fiscaliza\u00e7\u00e3o da Subprefeitura Ja\u00e7an\u00e3\/Trememb\u00e9 lacrou no ultimo dia 15, mais um estabelecimento na regi\u00e3o. O bar localizado na Rua Francisco Ventura, 13, Vila Paulistana no Ja\u00e7an\u00e3, foi lacrado por n\u00e3o possu\u00edr o alvar\u00e1 de funcionamento, que \u00e9 uma licen\u00e7a concedida pela Prefeitura, permitindo o funcionamento de estabelecimentos comerciais, industriais, prestadores de servi\u00e7os, [&hellip;]\" \/>\n<meta property=\"og:url\" content=\"https:\/\/www.encontratremembe.com.br\/noticias\/subprefeitura-jacanatremembe-lacra-bar-que-funcionava-de-forma-irregular\/\" \/>\n<meta property=\"og:site_name\" content=\"Not\u00edcias do bairro Trememb\u00e9\" \/>\n<meta property=\"article:published_time\" content=\"2012-06-20T21:22:57+00:00\" \/>\n<meta property=\"article:modified_time\" content=\"2013-08-15T13:43:46+00:00\" \/>\n<meta name=\"author\" content=\"Encontra Trememb\u00e9\" \/>\n<meta name=\"twitter:card\" content=\"summary_large_image\" \/>\n<meta name=\"twitter:label1\" content=\"Escrito por\" \/>\n\t<meta name=\"twitter:data1\" content=\"Encontra Trememb\u00e9\" \/>\n\t<meta name=\"twitter:label2\" content=\"Est. tempo de leitura\" \/>\n\t<meta name=\"twitter:data2\" content=\"1 minuto\" \/>\n<script type=\"application\/ld+json\" class=\"yoast-schema-graph\">{\"@context\":\"https:\\\/\\\/schema.org\",\"@graph\":[{\"@type\":\"Article\",\"@id\":\"https:\\\/\\\/www.encontratremembe.com.br\\\/noticias\\\/subprefeitura-jacanatremembe-lacra-bar-que-funcionava-de-forma-irregular\\\/#article\",\"isPartOf\":{\"@id\":\"https:\\\/\\\/www.encontratremembe.com.br\\\/noticias\\\/subprefeitura-jacanatremembe-lacra-bar-que-funcionava-de-forma-irregular\\\/\"},\"author\":{\"name\":\"Encontra Trememb\u00e9\",\"@id\":\"https:\\\/\\\/www.encontratremembe.com.br\\\/noticias\\\/#\\\/schema\\\/person\\\/9e5aa5e4c668c6fd1dd56d3ec988d18d\"},\"headline\":\"Subprefeitura Ja\u00e7an\u00e3\\\/trememb\u00e9 lacra bar que funcionava de forma irregular\",\"datePublished\":\"2012-06-20T21:22:57+00:00\",\"dateModified\":\"2013-08-15T13:43:46+00:00\",\"mainEntityOfPage\":{\"@id\":\"https:\\\/\\\/www.encontratremembe.com.br\\\/noticias\\\/subprefeitura-jacanatremembe-lacra-bar-que-funcionava-de-forma-irregular\\\/\"},\"wordCount\":161,\"commentCount\":0,\"keywords\":[\"Trememb\u00e9\"],\"articleSection\":[\"Not\u00edcias Trememb\u00e9\"],\"inLanguage\":\"pt-BR\",\"potentialAction\":[{\"@type\":\"CommentAction\",\"name\":\"Comment\",\"target\":[\"https:\\\/\\\/www.encontratremembe.com.br\\\/noticias\\\/subprefeitura-jacanatremembe-lacra-bar-que-funcionava-de-forma-irregular\\\/#respond\"]}]},{\"@type\":\"WebPage\",\"@id\":\"https:\\\/\\\/www.encontratremembe.com.br\\\/noticias\\\/subprefeitura-jacanatremembe-lacra-bar-que-funcionava-de-forma-irregular\\\/\",\"url\":\"https:\\\/\\\/www.encontratremembe.com.br\\\/noticias\\\/subprefeitura-jacanatremembe-lacra-bar-que-funcionava-de-forma-irregular\\\/\",\"name\":\"Subprefeitura Ja\u00e7an\u00e3\\\/trememb\u00e9 lacra bar que funcionava de forma irregular - Not\u00edcias do bairro Trememb\u00e9\",\"isPartOf\":{\"@id\":\"https:\\\/\\\/www.encontratremembe.com.br\\\/noticias\\\/#website\"},\"datePublished\":\"2012-06-20T21:22:57+00:00\",\"dateModified\":\"2013-08-15T13:43:46+00:00\",\"author\":{\"@id\":\"https:\\\/\\\/www.encontratremembe.com.br\\\/noticias\\\/#\\\/schema\\\/person\\\/9e5aa5e4c668c6fd1dd56d3ec988d18d\"},\"breadcrumb\":{\"@id\":\"https:\\\/\\\/www.encontratremembe.com.br\\\/noticias\\\/subprefeitura-jacanatremembe-lacra-bar-que-funcionava-de-forma-irregular\\\/#breadcrumb\"},\"inLanguage\":\"pt-BR\",\"potentialAction\":[{\"@type\":\"ReadAction\",\"target\":[\"https:\\\/\\\/www.encontratremembe.com.br\\\/noticias\\\/subprefeitura-jacanatremembe-lacra-bar-que-funcionava-de-forma-irregular\\\/\"]}]},{\"@type\":\"BreadcrumbList\",\"@id\":\"https:\\\/\\\/www.encontratremembe.com.br\\\/noticias\\\/subprefeitura-jacanatremembe-lacra-bar-que-funcionava-de-forma-irregular\\\/#breadcrumb\",\"itemListElement\":[{\"@type\":\"ListItem\",\"position\":1,\"name\":\"In\u00edcio\",\"item\":\"https:\\\/\\\/www.encontratremembe.com.br\\\/noticias\\\/\"},{\"@type\":\"ListItem\",\"position\":2,\"name\":\"Subprefeitura Ja\u00e7an\u00e3\\\/trememb\u00e9 lacra bar que funcionava de forma irregular\"}]},{\"@type\":\"WebSite\",\"@id\":\"https:\\\/\\\/www.encontratremembe.com.br\\\/noticias\\\/#website\",\"url\":\"https:\\\/\\\/www.encontratremembe.com.br\\\/noticias\\\/\",\"name\":\"Not\u00edcias do bairro Trememb\u00e9\",\"description\":\"Not\u00edcias, eventos, informa\u00e7\u00f5es e dicas no bairro do Trememb\u00e9 e regi\u00e3o\",\"potentialAction\":[{\"@type\":\"SearchAction\",\"target\":{\"@type\":\"EntryPoint\",\"urlTemplate\":\"https:\\\/\\\/www.encontratremembe.com.br\\\/noticias\\\/?s={search_term_string}\"},\"query-input\":{\"@type\":\"PropertyValueSpecification\",\"valueRequired\":true,\"valueName\":\"search_term_string\"}}],\"inLanguage\":\"pt-BR\"},{\"@type\":\"Person\",\"@id\":\"https:\\\/\\\/www.encontratremembe.com.br\\\/noticias\\\/#\\\/schema\\\/person\\\/9e5aa5e4c668c6fd1dd56d3ec988d18d\",\"name\":\"Encontra Trememb\u00e9\",\"image\":{\"@type\":\"ImageObject\",\"inLanguage\":\"pt-BR\",\"@id\":\"https:\\\/\\\/secure.gravatar.com\\\/avatar\\\/507340682b8270222e1f208e23198b6ae7e2c6a1033ae84e99bc6bce4f82a387?s=96&d=mm&r=g\",\"url\":\"https:\\\/\\\/secure.gravatar.com\\\/avatar\\\/507340682b8270222e1f208e23198b6ae7e2c6a1033ae84e99bc6bce4f82a387?s=96&d=mm&r=g\",\"contentUrl\":\"https:\\\/\\\/secure.gravatar.com\\\/avatar\\\/507340682b8270222e1f208e23198b6ae7e2c6a1033ae84e99bc6bce4f82a387?s=96&d=mm&r=g\",\"caption\":\"Encontra Trememb\u00e9\"},\"sameAs\":[\"http:\\\/\\\/www.encontratremembe.com.br\"],\"url\":\"https:\\\/\\\/www.encontratremembe.com.br\\\/noticias\\\/author\\\/etremembe\\\/\"}]}<\/script>\n<!-- \/ Yoast SEO plugin. -->","yoast_head_json":{"title":"Subprefeitura Ja\u00e7an\u00e3\/trememb\u00e9 lacra bar que funcionava de forma irregular - Not\u00edcias do bairro Trememb\u00e9","robots":{"index":"index","follow":"follow","max-snippet":"max-snippet:-1","max-image-preview":"max-image-preview:large","max-video-preview":"max-video-preview:-1"},"canonical":"https:\/\/www.encontratremembe.com.br\/noticias\/subprefeitura-jacanatremembe-lacra-bar-que-funcionava-de-forma-irregular\/","og_locale":"pt_BR","og_type":"article","og_title":"Subprefeitura Ja\u00e7an\u00e3\/trememb\u00e9 lacra bar que funcionava de forma irregular - Not\u00edcias do bairro Trememb\u00e9","og_description":"A equipe de fiscaliza\u00e7\u00e3o da Subprefeitura Ja\u00e7an\u00e3\/Trememb\u00e9 lacrou no ultimo dia 15, mais um estabelecimento na regi\u00e3o. O bar localizado na Rua Francisco Ventura, 13, Vila Paulistana no Ja\u00e7an\u00e3, foi lacrado por n\u00e3o possu\u00edr o alvar\u00e1 de funcionamento, que \u00e9 uma licen\u00e7a concedida pela Prefeitura, permitindo o funcionamento de estabelecimentos comerciais, industriais, prestadores de servi\u00e7os, [&hellip;]","og_url":"https:\/\/www.encontratremembe.com.br\/noticias\/subprefeitura-jacanatremembe-lacra-bar-que-funcionava-de-forma-irregular\/","og_site_name":"Not\u00edcias do bairro Trememb\u00e9","article_published_time":"2012-06-20T21:22:57+00:00","article_modified_time":"2013-08-15T13:43:46+00:00","author":"Encontra Trememb\u00e9","twitter_card":"summary_large_image","twitter_misc":{"Escrito por":"Encontra Trememb\u00e9","Est. tempo de leitura":"1 minuto"},"schema":{"@context":"https:\/\/schema.org","@graph":[{"@type":"Article","@id":"https:\/\/www.encontratremembe.com.br\/noticias\/subprefeitura-jacanatremembe-lacra-bar-que-funcionava-de-forma-irregular\/#article","isPartOf":{"@id":"https:\/\/www.encontratremembe.com.br\/noticias\/subprefeitura-jacanatremembe-lacra-bar-que-funcionava-de-forma-irregular\/"},"author":{"name":"Encontra Trememb\u00e9","@id":"https:\/\/www.encontratremembe.com.br\/noticias\/#\/schema\/person\/9e5aa5e4c668c6fd1dd56d3ec988d18d"},"headline":"Subprefeitura Ja\u00e7an\u00e3\/trememb\u00e9 lacra bar que funcionava de forma irregular","datePublished":"2012-06-20T21:22:57+00:00","dateModified":"2013-08-15T13:43:46+00:00","mainEntityOfPage":{"@id":"https:\/\/www.encontratremembe.com.br\/noticias\/subprefeitura-jacanatremembe-lacra-bar-que-funcionava-de-forma-irregular\/"},"wordCount":161,"commentCount":0,"keywords":["Trememb\u00e9"],"articleSection":["Not\u00edcias Trememb\u00e9"],"inLanguage":"pt-BR","potentialAction":[{"@type":"CommentAction","name":"Comment","target":["https:\/\/www.encontratremembe.com.br\/noticias\/subprefeitura-jacanatremembe-lacra-bar-que-funcionava-de-forma-irregular\/#respond"]}]},{"@type":"WebPage","@id":"https:\/\/www.encontratremembe.com.br\/noticias\/subprefeitura-jacanatremembe-lacra-bar-que-funcionava-de-forma-irregular\/","url":"https:\/\/www.encontratremembe.com.br\/noticias\/subprefeitura-jacanatremembe-lacra-bar-que-funcionava-de-forma-irregular\/","name":"Subprefeitura Ja\u00e7an\u00e3\/trememb\u00e9 lacra bar que funcionava de forma irregular - Not\u00edcias do bairro Trememb\u00e9","isPartOf":{"@id":"https:\/\/www.encontratremembe.com.br\/noticias\/#website"},"datePublished":"2012-06-20T21:22:57+00:00","dateModified":"2013-08-15T13:43:46+00:00","author":{"@id":"https:\/\/www.encontratremembe.com.br\/noticias\/#\/schema\/person\/9e5aa5e4c668c6fd1dd56d3ec988d18d"},"breadcrumb":{"@id":"https:\/\/www.encontratremembe.com.br\/noticias\/subprefeitura-jacanatremembe-lacra-bar-que-funcionava-de-forma-irregular\/#breadcrumb"},"inLanguage":"pt-BR","potentialAction":[{"@type":"ReadAction","target":["https:\/\/www.encontratremembe.com.br\/noticias\/subprefeitura-jacanatremembe-lacra-bar-que-funcionava-de-forma-irregular\/"]}]},{"@type":"BreadcrumbList","@id":"https:\/\/www.encontratremembe.com.br\/noticias\/subprefeitura-jacanatremembe-lacra-bar-que-funcionava-de-forma-irregular\/#breadcrumb","itemListElement":[{"@type":"ListItem","position":1,"name":"In\u00edcio","item":"https:\/\/www.encontratremembe.com.br\/noticias\/"},{"@type":"ListItem","position":2,"name":"Subprefeitura Ja\u00e7an\u00e3\/trememb\u00e9 lacra bar que funcionava de forma irregular"}]},{"@type":"WebSite","@id":"https:\/\/www.encontratremembe.com.br\/noticias\/#website","url":"https:\/\/www.encontratremembe.com.br\/noticias\/","name":"Not\u00edcias do bairro Trememb\u00e9","description":"Not\u00edcias, eventos, informa\u00e7\u00f5es e dicas no bairro do Trememb\u00e9 e regi\u00e3o","potentialAction":[{"@type":"SearchAction","target":{"@type":"EntryPoint","urlTemplate":"https:\/\/www.encontratremembe.com.br\/noticias\/?s={search_term_string}"},"query-input":{"@type":"PropertyValueSpecification","valueRequired":true,"valueName":"search_term_string"}}],"inLanguage":"pt-BR"},{"@type":"Person","@id":"https:\/\/www.encontratremembe.com.br\/noticias\/#\/schema\/person\/9e5aa5e4c668c6fd1dd56d3ec988d18d","name":"Encontra Trememb\u00e9","image":{"@type":"ImageObject","inLanguage":"pt-BR","@id":"https:\/\/secure.gravatar.com\/avatar\/507340682b8270222e1f208e23198b6ae7e2c6a1033ae84e99bc6bce4f82a387?s=96&d=mm&r=g","url":"https:\/\/secure.gravatar.com\/avatar\/507340682b8270222e1f208e23198b6ae7e2c6a1033ae84e99bc6bce4f82a387?s=96&d=mm&r=g","contentUrl":"https:\/\/secure.gravatar.com\/avatar\/507340682b8270222e1f208e23198b6ae7e2c6a1033ae84e99bc6bce4f82a387?s=96&d=mm&r=g","caption":"Encontra Trememb\u00e9"},"sameAs":["http:\/\/www.encontratremembe.com.br"],"url":"https:\/\/www.encontratremembe.com.br\/noticias\/author\/etremembe\/"}]}},"_links":{"self":[{"href":"https:\/\/www.encontratremembe.com.br\/noticias\/wp-json\/wp\/v2\/posts\/138","targetHints":{"allow":["GET"]}}],"collection":[{"href":"https:\/\/www.encontratremembe.com.br\/noticias\/wp-json\/wp\/v2\/posts"}],"about":[{"href":"https:\/\/www.encontratremembe.com.br\/noticias\/wp-json\/wp\/v2\/types\/post"}],"author":[{"embeddable":true,"href":"https:\/\/www.encontratremembe.com.br\/noticias\/wp-json\/wp\/v2\/users\/1"}],"replies":[{"embeddable":true,"href":"https:\/\/www.encontratremembe.com.br\/noticias\/wp-json\/wp\/v2\/comments?post=138"}],"version-history":[{"count":3,"href":"https:\/\/www.encontratremembe.com.br\/noticias\/wp-json\/wp\/v2\/posts\/138\/revisions"}],"predecessor-version":[{"id":529,"href":"https:\/\/www.encontratremembe.com.br\/noticias\/wp-json\/wp\/v2\/posts\/138\/revisions\/529"}],"wp:attachment":[{"href":"https:\/\/www.encontratremembe.com.br\/noticias\/wp-json\/wp\/v2\/media?parent=138"}],"wp:term":[{"taxonomy":"category","embeddable":true,"href":"https:\/\/www.encontratremembe.com.br\/noticias\/wp-json\/wp\/v2\/categories?post=138"},{"taxonomy":"post_tag","embeddable":true,"href":"https:\/\/www.encontratremembe.com.br\/noticias\/wp-json\/wp\/v2\/tags?post=138"}],"curies":[{"name":"wp","href":"https:\/\/api.w.org\/{rel}","templated":true}]}}